{"id":2967,"date":"2024-06-20T08:10:49","date_gmt":"2024-06-20T06:10:49","guid":{"rendered":"https:\/\/www.privatklinik-ritzensee.at\/dr-med-ivica-roncevic\/"},"modified":"2025-03-14T12:42:51","modified_gmt":"2025-03-14T11:42:51","slug":"dr-med-ivica-roncevic","status":"publish","type":"post","link":"https:\/\/www.privatklinik-ritzensee.at\/en\/dr-med-ivica-roncevic\/","title":{"rendered":"Dr. med. Ivica Roncevic"},"content":{"rendered":"<div class=\"lazyblock-arzt-Z1euyKg wp-block-lazyblock-arzt\">\n<div class=\"arzt-detail-wrapper\">\n    <div class=\"arzt-detail-img-description-wrapper\">\n                <img decoding=\"async\" class=\"arzt-detail-img\" src=\"https:\/\/www.privatklinik-ritzensee.at\/wp-content\/uploads\/2024\/06\/Ueber-mich-scaled.jpg\"\n            alt=\"Dr. med. Ivica Roncevic h\u00e4lt Gelenkmodelle zur Patientenaufkl\u00e4rung in der Privatklinik Ritzensee.\">\n                <div class=\"arzt-detail-description\"><div class=\"arzt-detail-description-inner\"><p><\/p><\/div><\/div>\n    <\/div>\n    <div class=\"arzt-detail-content-wrapper container\">\n        <div class=\"arzt-detail-content-left\">\n            <div class=\"arzt-detail-contact-wrapper\">\n                <h3 class=\"arzt-detail-contact-title\">\n                    Contact<\/h3>\n                <div class=\"arzt-detail-contact-content\"><p>Dr. med. Ivica Roncevic<br \/>Klausgasse 49<br \/>5730 Mittersill<br \/>\u00d6sterreich<br \/><br \/>T: <a href=\"tel:+4366488821181\">+43 (0) 664 888 211 81<\/a><br \/>M: <a href=\"mailto:info@ortho-roncevic.at\">info@ortho-roncevic.at<\/a><br \/>W: <a href=\"http:\/\/www.ortho-roncevic.at\">www.ortho-roncevic.at<\/a><\/p><\/div>\n            <\/div>\n            <div class=\"arzt-detail-surgery-hours-wrapper\">\n                <h3 class=\"arzt-detail-surgery-hours-title\">Surgery\n                    hours<\/h3>\n                <div class=\"arzt-detail-surgery-hours-content\">\n                    <table class=\"arzt-detail-surgery-hours-table\">\n                                                <tr class=\"arzt-detail-surgery-hours-entry\">\n                            <td class=\"arzt-detail-surgery-hours-weekday\">Nach Terminvereinbarung<\/td>\n                            <td class=\"arzt-detail-surgery-hours-hours\"><\/td>\n                        <\/tr>\n                                            <\/table>\n                <\/div>\n            <\/div>\n            <a href=\"https:\/\/www.privatklinik-ritzensee.at\/kontakt\/?arzt=dr-med-ivica-roncevic\" class=\"arzt-detail-inquiry\">\n                <div class=\"arzt-detail-inquiry-text\">\n                    Inquire<\/div>\n                <svg xmlns=\"http:\/\/www.w3.org\/2000\/svg\" width=\"78.283\" height=\"22.824\" viewBox=\"0 0 78.283 22.824\">\n                    <path id=\"Pfad_226\" data-name=\"Pfad 226\" d=\"M0,0H78\" transform=\"translate(0 11.412)\" fill=\"none\"\n                        stroke=\"#565f5f\" stroke-linecap=\"round\" stroke-width=\"1\"><\/path>\n                    <path id=\"Pfad_227\" data-name=\"Pfad 227\" d=\"M16,0,0,11\" transform=\"translate(62 11.412)\" fill=\"none\"\n                        stroke=\"#565f5f\" stroke-linecap=\"round\" stroke-width=\"1\"><\/path>\n                    <path id=\"Pfad_228\" data-name=\"Pfad 228\" d=\"M16,11,0,0\" transform=\"translate(62 0.412)\" fill=\"none\"\n                        stroke=\"#565f5f\" stroke-linecap=\"round\" stroke-width=\"1\"><\/path>\n                <\/svg>\n            <\/a>\n        <\/div>\n        <div class=\"arzt-detail-content-right\">\n            <h1 class=\"arzt-detail-doctor-title\">Dr. med. Ivica Roncevic<\/h1>\n            <h2 class=\"arzt-detail-doctor-subtitle\">Facharzt f\u00fcr Orthop\u00e4die und Traumatologie<\/h2>\n            <div class=\"arzt-detail-infos-wrapper\">\n                <div class=\"arzt-detail-infos-item arzt-detail-infos-treatments accordion-wrapper\">\n                    <h3 class=\"arzt-detail-infos-title accordion-title\">\n                        Treatments<\/h3>\n                    <div class=\"arzt-detail-infos-content accordion-content\"><p>Leistungen:<\/p>\n<ul>\n<li>klinische Untersuchung und Abkl\u00e4rung s\u00e4mtlicher orthop\u00e4discher und unfallchirurgischer Krankheitsbilder<\/li>\n<li>konservative Behandlungsmethoden<\/li>\n<li>operative Versorgung chronischer orthop\u00e4discher Krankheitsbilder<\/li>\n<li>operative Versorgung von Verletzungen des Bewegungsapparates<\/li>\n<li>Schwerpunkt in H\u00fcfte- und Knieprothetik<\/li>\n<li>Schwerpunkt Unfallchirurgie<\/li>\n<\/ul>\n<p>\u00a0<\/p>                    <\/div>\n                <\/div>\n                                <div class=\"arzt-detail-infos-item arzt-detail-infos-biography accordion-wrapper\">\n                    <h3 class=\"arzt-detail-infos-title accordion-title\">\n                        Biography<\/h3>\n                    <div class=\"arzt-detail-infos-content accordion-content\"><p>Geboren und aufgewachsen bin ich in Zadar in Kroatien.\u00a0An der Universit\u00e4t J.J. Strossmayer in Osijek habe ich 2004 mein Medizinstudium erfolgreich abgeschlossen.\u00a0Meine Weiterbildung zum Facharzt f\u00fcr Allgemeinchirurgie, Orthop\u00e4die und Traumatologie absolvierte ich an dem KBC Osijek, KBCSM in Zagreb in Kroatien und beendete diese im Tauernklinikum Mittersill.<\/p>\n<p>Seit 2014 bin ich nun als Oberarzt f\u00fcr Orthop\u00e4die und Unfallchirurgie im Tauernklinikum Mittersill und Zell am See t\u00e4tig.\u00a0Als Facharzt f\u00fcr Orthop\u00e4die und Traumatologie liegt mein Fokus auf der Diagnostik sowie Behandlung von Erkrankungen und Verletzungen des Bewegungsapparates mit modernsten Methoden, konservativ sowie operativ.\u00a0Nach langj\u00e4hriger Erfahrung liegt der Schwerpunkt meiner operativen \u00e4rztlichen T\u00e4tigkeit in der H\u00fcft-und Knieprothetik.<\/p>                    <\/div>\n                <\/div>\n                                            <\/div>\n            <div class=\"arzt-detail-infos-gallery-wrapper image-block-3-wrapper\">\n                <div class=\"image-block-3-inner\">\n                                    <\/div>\n            <\/div>\n        <\/div>\n    <\/div>\n<\/div>\n\n\n<\/div>","protected":false},"excerpt":{"rendered":"","protected":false},"author":2,"featured_media":0,"comment_status":"closed","ping_status":"closed","sticky":false,"template":"","format":"standard","meta":{"_acf_changed":false,"inline_featured_image":false,"job-start":"","job-location":"","footnotes":""},"categories":[48,63,62,64],"tags":[95,97,96,98],"class_list":["post-2967","post","type-post","status-publish","format-standard","hentry","category-arzt-en","category-orthopaedische-chirurgie-en","category-orthopaedie-en-arzt-en","category-unfallchirurgie-en","tag-doctor","tag-orthopaedic-surgery","tag-orthopaedics","tag-trauma-surgery"],"acf":[],"yoast_head":"<!-- This site is optimized with the Yoast SEO plugin v27.4 - https:\/\/yoast.com\/product\/yoast-seo-wordpress\/ -->\n<title>Dr. med. Ivica Roncevic - Private Clinic Ritzensee<\/title>\n<meta name=\"robots\" content=\"index, follow, max-snippet:-1, max-image-preview:large, max-video-preview:-1\" \/>\n<link rel=\"canonical\" href=\"https:\/\/www.privatklinik-ritzensee.at\/en\/dr-med-ivica-roncevic\/\" \/>\n<meta property=\"og:locale\" content=\"en_US\" \/>\n<meta property=\"og:type\" content=\"article\" \/>\n<meta property=\"og:title\" content=\"Dr. med. Ivica Roncevic - Private Clinic Ritzensee\" \/>\n<meta property=\"og:url\" content=\"https:\/\/www.privatklinik-ritzensee.at\/en\/dr-med-ivica-roncevic\/\" \/>\n<meta property=\"og:site_name\" content=\"Private Clinic Ritzensee\" \/>\n<meta property=\"article:published_time\" content=\"2024-06-20T06:10:49+00:00\" \/>\n<meta property=\"article:modified_time\" content=\"2025-03-14T11:42:51+00:00\" \/>\n<meta name=\"author\" content=\"privatklinik\" \/>\n<meta name=\"twitter:card\" content=\"summary_large_image\" \/>\n<meta name=\"twitter:label1\" content=\"Written by\" \/>\n\t<meta name=\"twitter:data1\" content=\"privatklinik\" \/>\n<script type=\"application\/ld+json\" class=\"yoast-schema-graph\">{\"@context\":\"https:\\\/\\\/schema.org\",\"@graph\":[{\"@type\":\"Article\",\"@id\":\"https:\\\/\\\/www.privatklinik-ritzensee.at\\\/en\\\/dr-med-ivica-roncevic\\\/#article\",\"isPartOf\":{\"@id\":\"https:\\\/\\\/www.privatklinik-ritzensee.at\\\/en\\\/dr-med-ivica-roncevic\\\/\"},\"author\":{\"name\":\"privatklinik\",\"@id\":\"https:\\\/\\\/www.privatklinik-ritzensee.at\\\/en\\\/#\\\/schema\\\/person\\\/c5abb073e434380978f0d73837363daa\"},\"headline\":\"Dr. med. Ivica Roncevic\",\"datePublished\":\"2024-06-20T06:10:49+00:00\",\"dateModified\":\"2025-03-14T11:42:51+00:00\",\"mainEntityOfPage\":{\"@id\":\"https:\\\/\\\/www.privatklinik-ritzensee.at\\\/en\\\/dr-med-ivica-roncevic\\\/\"},\"wordCount\":4,\"keywords\":[\"Doctor\",\"Orthopaedic surgery\",\"Orthopaedics\",\"Trauma surgery\"],\"articleSection\":[\"Arzt\",\"Orthopaedic surgery\",\"Orthopaedics\",\"Trauma surgery\"],\"inLanguage\":\"en-US\"},{\"@type\":\"WebPage\",\"@id\":\"https:\\\/\\\/www.privatklinik-ritzensee.at\\\/en\\\/dr-med-ivica-roncevic\\\/\",\"url\":\"https:\\\/\\\/www.privatklinik-ritzensee.at\\\/en\\\/dr-med-ivica-roncevic\\\/\",\"name\":\"Dr. med. Ivica Roncevic - Private Clinic Ritzensee\",\"isPartOf\":{\"@id\":\"https:\\\/\\\/www.privatklinik-ritzensee.at\\\/en\\\/#website\"},\"datePublished\":\"2024-06-20T06:10:49+00:00\",\"dateModified\":\"2025-03-14T11:42:51+00:00\",\"author\":{\"@id\":\"https:\\\/\\\/www.privatklinik-ritzensee.at\\\/en\\\/#\\\/schema\\\/person\\\/c5abb073e434380978f0d73837363daa\"},\"breadcrumb\":{\"@id\":\"https:\\\/\\\/www.privatklinik-ritzensee.at\\\/en\\\/dr-med-ivica-roncevic\\\/#breadcrumb\"},\"inLanguage\":\"en-US\",\"potentialAction\":[{\"@type\":\"ReadAction\",\"target\":[\"https:\\\/\\\/www.privatklinik-ritzensee.at\\\/en\\\/dr-med-ivica-roncevic\\\/\"]}]},{\"@type\":\"BreadcrumbList\",\"@id\":\"https:\\\/\\\/www.privatklinik-ritzensee.at\\\/en\\\/dr-med-ivica-roncevic\\\/#breadcrumb\",\"itemListElement\":[{\"@type\":\"ListItem\",\"position\":1,\"name\":\"Startseite\",\"item\":\"https:\\\/\\\/www.privatklinik-ritzensee.at\\\/en\\\/\"},{\"@type\":\"ListItem\",\"position\":2,\"name\":\"Dr. med. Ivica Roncevic\"}]},{\"@type\":\"WebSite\",\"@id\":\"https:\\\/\\\/www.privatklinik-ritzensee.at\\\/en\\\/#website\",\"url\":\"https:\\\/\\\/www.privatklinik-ritzensee.at\\\/en\\\/\",\"name\":\"Private Clinic Ritzensee\",\"description\":\"Top Medical Care in Salzburg Region \u2695\ufe0f\",\"potentialAction\":[{\"@type\":\"SearchAction\",\"target\":{\"@type\":\"EntryPoint\",\"urlTemplate\":\"https:\\\/\\\/www.privatklinik-ritzensee.at\\\/en\\\/?s={search_term_string}\"},\"query-input\":{\"@type\":\"PropertyValueSpecification\",\"valueRequired\":true,\"valueName\":\"search_term_string\"}}],\"inLanguage\":\"en-US\"},{\"@type\":\"Person\",\"@id\":\"https:\\\/\\\/www.privatklinik-ritzensee.at\\\/en\\\/#\\\/schema\\\/person\\\/c5abb073e434380978f0d73837363daa\",\"name\":\"privatklinik\",\"image\":{\"@type\":\"ImageObject\",\"inLanguage\":\"en-US\",\"@id\":\"https:\\\/\\\/secure.gravatar.com\\\/avatar\\\/a06c1f32d249f0d8bad4bbb585aaf4e6203de8982d4856dccb074178870bd945?s=96&d=mm&r=g\",\"url\":\"https:\\\/\\\/secure.gravatar.com\\\/avatar\\\/a06c1f32d249f0d8bad4bbb585aaf4e6203de8982d4856dccb074178870bd945?s=96&d=mm&r=g\",\"contentUrl\":\"https:\\\/\\\/secure.gravatar.com\\\/avatar\\\/a06c1f32d249f0d8bad4bbb585aaf4e6203de8982d4856dccb074178870bd945?s=96&d=mm&r=g\",\"caption\":\"privatklinik\"},\"url\":\"https:\\\/\\\/www.privatklinik-ritzensee.at\\\/en\\\/author\\\/privatklinik\\\/\"}]}<\/script>\n<!-- \/ Yoast SEO plugin. -->","yoast_head_json":{"title":"Dr. med. Ivica Roncevic - Private Clinic Ritzensee","robots":{"index":"index","follow":"follow","max-snippet":"max-snippet:-1","max-image-preview":"max-image-preview:large","max-video-preview":"max-video-preview:-1"},"canonical":"https:\/\/www.privatklinik-ritzensee.at\/en\/dr-med-ivica-roncevic\/","og_locale":"en_US","og_type":"article","og_title":"Dr. med. Ivica Roncevic - Private Clinic Ritzensee","og_url":"https:\/\/www.privatklinik-ritzensee.at\/en\/dr-med-ivica-roncevic\/","og_site_name":"Private Clinic Ritzensee","article_published_time":"2024-06-20T06:10:49+00:00","article_modified_time":"2025-03-14T11:42:51+00:00","author":"privatklinik","twitter_card":"summary_large_image","twitter_misc":{"Written by":"privatklinik"},"schema":{"@context":"https:\/\/schema.org","@graph":[{"@type":"Article","@id":"https:\/\/www.privatklinik-ritzensee.at\/en\/dr-med-ivica-roncevic\/#article","isPartOf":{"@id":"https:\/\/www.privatklinik-ritzensee.at\/en\/dr-med-ivica-roncevic\/"},"author":{"name":"privatklinik","@id":"https:\/\/www.privatklinik-ritzensee.at\/en\/#\/schema\/person\/c5abb073e434380978f0d73837363daa"},"headline":"Dr. med. Ivica Roncevic","datePublished":"2024-06-20T06:10:49+00:00","dateModified":"2025-03-14T11:42:51+00:00","mainEntityOfPage":{"@id":"https:\/\/www.privatklinik-ritzensee.at\/en\/dr-med-ivica-roncevic\/"},"wordCount":4,"keywords":["Doctor","Orthopaedic surgery","Orthopaedics","Trauma surgery"],"articleSection":["Arzt","Orthopaedic surgery","Orthopaedics","Trauma surgery"],"inLanguage":"en-US"},{"@type":"WebPage","@id":"https:\/\/www.privatklinik-ritzensee.at\/en\/dr-med-ivica-roncevic\/","url":"https:\/\/www.privatklinik-ritzensee.at\/en\/dr-med-ivica-roncevic\/","name":"Dr. med. Ivica Roncevic - Private Clinic Ritzensee","isPartOf":{"@id":"https:\/\/www.privatklinik-ritzensee.at\/en\/#website"},"datePublished":"2024-06-20T06:10:49+00:00","dateModified":"2025-03-14T11:42:51+00:00","author":{"@id":"https:\/\/www.privatklinik-ritzensee.at\/en\/#\/schema\/person\/c5abb073e434380978f0d73837363daa"},"breadcrumb":{"@id":"https:\/\/www.privatklinik-ritzensee.at\/en\/dr-med-ivica-roncevic\/#breadcrumb"},"inLanguage":"en-US","potentialAction":[{"@type":"ReadAction","target":["https:\/\/www.privatklinik-ritzensee.at\/en\/dr-med-ivica-roncevic\/"]}]},{"@type":"BreadcrumbList","@id":"https:\/\/www.privatklinik-ritzensee.at\/en\/dr-med-ivica-roncevic\/#breadcrumb","itemListElement":[{"@type":"ListItem","position":1,"name":"Startseite","item":"https:\/\/www.privatklinik-ritzensee.at\/en\/"},{"@type":"ListItem","position":2,"name":"Dr. med. Ivica Roncevic"}]},{"@type":"WebSite","@id":"https:\/\/www.privatklinik-ritzensee.at\/en\/#website","url":"https:\/\/www.privatklinik-ritzensee.at\/en\/","name":"Private Clinic Ritzensee","description":"Top Medical Care in Salzburg Region \u2695\ufe0f","potentialAction":[{"@type":"SearchAction","target":{"@type":"EntryPoint","urlTemplate":"https:\/\/www.privatklinik-ritzensee.at\/en\/?s={search_term_string}"},"query-input":{"@type":"PropertyValueSpecification","valueRequired":true,"valueName":"search_term_string"}}],"inLanguage":"en-US"},{"@type":"Person","@id":"https:\/\/www.privatklinik-ritzensee.at\/en\/#\/schema\/person\/c5abb073e434380978f0d73837363daa","name":"privatklinik","image":{"@type":"ImageObject","inLanguage":"en-US","@id":"https:\/\/secure.gravatar.com\/avatar\/a06c1f32d249f0d8bad4bbb585aaf4e6203de8982d4856dccb074178870bd945?s=96&d=mm&r=g","url":"https:\/\/secure.gravatar.com\/avatar\/a06c1f32d249f0d8bad4bbb585aaf4e6203de8982d4856dccb074178870bd945?s=96&d=mm&r=g","contentUrl":"https:\/\/secure.gravatar.com\/avatar\/a06c1f32d249f0d8bad4bbb585aaf4e6203de8982d4856dccb074178870bd945?s=96&d=mm&r=g","caption":"privatklinik"},"url":"https:\/\/www.privatklinik-ritzensee.at\/en\/author\/privatklinik\/"}]}},"_links":{"self":[{"href":"https:\/\/www.privatklinik-ritzensee.at\/en\/wp-json\/wp\/v2\/posts\/2967","targetHints":{"allow":["GET"]}}],"collection":[{"href":"https:\/\/www.privatklinik-ritzensee.at\/en\/wp-json\/wp\/v2\/posts"}],"about":[{"href":"https:\/\/www.privatklinik-ritzensee.at\/en\/wp-json\/wp\/v2\/types\/post"}],"author":[{"embeddable":true,"href":"https:\/\/www.privatklinik-ritzensee.at\/en\/wp-json\/wp\/v2\/users\/2"}],"replies":[{"embeddable":true,"href":"https:\/\/www.privatklinik-ritzensee.at\/en\/wp-json\/wp\/v2\/comments?post=2967"}],"version-history":[{"count":0,"href":"https:\/\/www.privatklinik-ritzensee.at\/en\/wp-json\/wp\/v2\/posts\/2967\/revisions"}],"wp:attachment":[{"href":"https:\/\/www.privatklinik-ritzensee.at\/en\/wp-json\/wp\/v2\/media?parent=2967"}],"wp:term":[{"taxonomy":"category","embeddable":true,"href":"https:\/\/www.privatklinik-ritzensee.at\/en\/wp-json\/wp\/v2\/categories?post=2967"},{"taxonomy":"post_tag","embeddable":true,"href":"https:\/\/www.privatklinik-ritzensee.at\/en\/wp-json\/wp\/v2\/tags?post=2967"}],"curies":[{"name":"wp","href":"https:\/\/api.w.org\/{rel}","templated":true}]}}