{"id":2007,"date":"2022-08-22T14:03:41","date_gmt":"2022-08-22T12:03:41","guid":{"rendered":"https:\/\/www.privatklinik-ritzensee.at\/dr-maryna-wuestner\/"},"modified":"2025-03-14T12:45:53","modified_gmt":"2025-03-14T11:45:53","slug":"dr-maryna-wuestner","status":"publish","type":"post","link":"https:\/\/www.privatklinik-ritzensee.at\/en\/dr-maryna-wuestner\/","title":{"rendered":"Dr. MED. Maryna W\u00fcstner"},"content":{"rendered":"<div class=\"lazyblock-arzt-ZWO34i wp-block-lazyblock-arzt\">\n<div class=\"arzt-detail-wrapper\">\n    <div class=\"arzt-detail-img-description-wrapper\">\n                <img decoding=\"async\" class=\"arzt-detail-img\" src=\"https:\/\/www.privatklinik-ritzensee.at\/wp-content\/uploads\/2022\/08\/Foto-Dr.-Wu\u0308stner.jpg\"\n            alt=\"Dr. Maryna W\u00fcstner in wei\u00dfem Kittel, l\u00e4chelt freundlich f\u00fcr die Privatklinik Ritzensee.\">\n                <div class=\"arzt-detail-description\"><div class=\"arzt-detail-description-inner\"><p>Fach\u00e4rztin f\u00fcr Allgemein- und\u00a0 Gef\u00e4\u00dfchirurgie<br>Endovaskul\u00e4re Chirurgin (DGG)<\/p><p>Sekund\u00e4r<br>Fach\u00e4rztin f\u00fcr Innere- und Allgemeinmedizin (Ukraine)<\/p><\/div><\/div>\n    <\/div>\n    <div class=\"arzt-detail-content-wrapper container\">\n        <div class=\"arzt-detail-content-left\">\n            <div class=\"arzt-detail-contact-wrapper\">\n                <h3 class=\"arzt-detail-contact-title\">\n                    Contact<\/h3>\n                <div class=\"arzt-detail-contact-content\"><p>Dr. Maryna W\u00fcstner<br \/>Privatklinik Ritzensee<br \/>Schmalenbergham 4<br \/>5760 Saalfelden<br \/>\u00d6sterreich<br \/><br \/>T: <a href=\"tel:+436607970562\">+43 (0) 664 343 10 82<\/a><br \/>M: <a href=\"office@ordination-gch-mwuestner.at\">office@ordination-gch-mwuestner.at<\/a><br \/>H: <a href=\"http:\/\/www.ordination-gch-mwuestner.at\">www.ordination-gch-mwuestner.at<\/a><\/p>\n<p>\u00a0<\/p><\/div>\n            <\/div>\n            <div class=\"arzt-detail-surgery-hours-wrapper\">\n                <h3 class=\"arzt-detail-surgery-hours-title\">Surgery\n                    hours<\/h3>\n                <div class=\"arzt-detail-surgery-hours-content\">\n                    <table class=\"arzt-detail-surgery-hours-table\">\n                                                <tr class=\"arzt-detail-surgery-hours-entry\">\n                            <td class=\"arzt-detail-surgery-hours-weekday\">Dienstag Nachmittag nach Vereinbarung<\/td>\n                            <td class=\"arzt-detail-surgery-hours-hours\"><\/td>\n                        <\/tr>\n                                            <\/table>\n                <\/div>\n            <\/div>\n            <a href=\"https:\/\/www.privatklinik-ritzensee.at\/kontakt\/?arzt=dr-maryna-wuestner\" class=\"arzt-detail-inquiry\">\n                <div class=\"arzt-detail-inquiry-text\">\n                    Inquire<\/div>\n                <svg xmlns=\"http:\/\/www.w3.org\/2000\/svg\" width=\"78.283\" height=\"22.824\" viewBox=\"0 0 78.283 22.824\">\n                    <path id=\"Pfad_226\" data-name=\"Pfad 226\" d=\"M0,0H78\" transform=\"translate(0 11.412)\" fill=\"none\"\n                        stroke=\"#565f5f\" stroke-linecap=\"round\" stroke-width=\"1\"><\/path>\n                    <path id=\"Pfad_227\" data-name=\"Pfad 227\" d=\"M16,0,0,11\" transform=\"translate(62 11.412)\" fill=\"none\"\n                        stroke=\"#565f5f\" stroke-linecap=\"round\" stroke-width=\"1\"><\/path>\n                    <path id=\"Pfad_228\" data-name=\"Pfad 228\" d=\"M16,11,0,0\" transform=\"translate(62 0.412)\" fill=\"none\"\n                        stroke=\"#565f5f\" stroke-linecap=\"round\" stroke-width=\"1\"><\/path>\n                <\/svg>\n            <\/a>\n        <\/div>\n        <div class=\"arzt-detail-content-right\">\n            <h1 class=\"arzt-detail-doctor-title\">Dr. MED. Maryna W\u00fcstner<\/h1>\n            <h2 class=\"arzt-detail-doctor-subtitle\"> Fach\u00e4rztin f\u00fcr Allgemein- und  Gef\u00e4\u00dfchirurgie | Endovaskul\u00e4re Chirurgin (DGG)<\/h2>\n            <div class=\"arzt-detail-infos-wrapper\">\n                <div class=\"arzt-detail-infos-item arzt-detail-infos-treatments accordion-wrapper\">\n                    <h3 class=\"arzt-detail-infos-title accordion-title\">\n                        Treatments<\/h3>\n                    <div class=\"arzt-detail-infos-content accordion-content\"><p>Expertise: Gef\u00e4\u00dfmedizin, offene- und endovaskul\u00e4re Gef\u00e4\u00dfchirurgie<\/p>\n<ul>\n<li>Diagnostik, Pr\u00e4vention,\u00a0 konservative Therapie der akuten und chronischen Gef\u00e4\u00dfekrankungen, operative und endovaskul\u00e4re Gef\u00e4\u00dfchirurgie, Nachsorge.\u00a0<\/li>\n<li>periphere arterielle Durchblutungsst\u00f6rung: konservative, operative und endovaskul\u00e4re Chirurgie<\/li>\n<li>Chirurgie der A. carotis ( Halsschlagader)<\/li>\n<li>Behandlung periph\u00e4rer \u2013 und zentraler aneurysmatischer Erkrankungen (Erweiterung von Aorta, Arterien durch offene und endovaskul\u00e4re \u2013 Operationen ggf. Hybridoperationen ( kombinierte interventionelle und offene Operationen)<\/li>\n<li>Shunt-Chirurgie (Vorbereitung zu Dialyse, Anlage eines Dialyse-Zugangs f\u00fcr Durchf\u00fchrung der Dialyse, Nachsorge ggf. Service-Eingriffe)<\/li>\n<li>Katheter-Eingriffe: Port-a-cath als Zugang f\u00fcr Chemotherapie und Schmerztherapie, Anlage des Demers-Katheters<\/li>\n<li>Venenchirurgie : operative und endoven\u00f6se ( minimalinvasive)\u00a0 Behandlung von Krampfader-Erkrankung<\/li>\n<li>Behandlung der tiefe Venenthrombose sowie postthrombotisches Syndroms<\/li>\n<li>Behandlung des\u00a0 diabetischen Fu\u00dfsyndroms<\/li>\n<li>Minor- und Major- Amputationchirurgie<\/li>\n<li>Behandlung der chronischen Wunde , ggf.\u00a0 Ulcus cruris arter\u00f6sum\/ ven\u00f6sum\/ mixtum, pioderma gangr\u00e4n\u00f6sum<\/li>\n<li>Behandlung der Lip- und Lymph\u00f6dem<\/li>\n<li>Diagnostik und Therapie von seltener Gef\u00e4\u00dferkrankungen ( vaskul\u00e4re Kompressionsyndromen, vaskul\u00e4re Gef\u00e4\u00dfmalformationen, funktionellen Gef\u00e4\u00dferkrankungen, enzt\u00fcndliche Gef\u00e4\u00dfekrankungen)<\/li>\n<\/ul>\n<p>\u00a0<\/p>                    <\/div>\n                <\/div>\n                                <div class=\"arzt-detail-infos-item arzt-detail-infos-biography accordion-wrapper\">\n                    <h3 class=\"arzt-detail-infos-title accordion-title\">\n                        Biography<\/h3>\n                    <div class=\"arzt-detail-infos-content accordion-content\"><p><strong>Beruflicher Werdegang:<\/strong><\/p>\n<p>2022\u00a0 \u00a0 \u00a0 \u00a0 \u00a0 \u00a0 \u00a0 \u00a0 \u00a0 \u00a0Ober\u00e4rztin Tauernklinikum Zell am See, \u00d6sterreich, Fach\u00e4rztin f\u00fcr Gef\u00e4\u00dfchirurgie<\/p>\n<p>2020 \u2013 2022 \u00a0\u00a0\u00a0\u00a0\u00a0 Ober\u00e4rztin f\u00fcr Gef\u00e4\u00dfchirurgie, Klinik f\u00fcr Gef\u00e4\u00df- und Herzchirurgie, Sch\u00f6n Klinik, Deutschland<\/p>\n<p>2019 \u2013 2020 \u00a0\u00a0\u00a0\u00a0\u00a0 Fach\u00e4rztin f\u00fcr Gef\u00e4\u00dfchirurgie, Klinik f\u00fcr Herz \u2013 und Gef\u00e4\u00dfchirurgie Universit\u00e4t Klinikum Salzburg, \u00d6sterreich<\/p>\n<p>2017 \u2013 2019 \u00a0\u00a0\u00a0\u00a0\u00a0 Fach\u00e4rztin f\u00fcr Gef\u00e4\u00dfchirurgie, Klinik f\u00fcr Gef\u00e4\u00df- und endovaskul\u00e4re Chirurgie Helios Kliniken,Deutschland<\/p>\n<p>2009 \u2013 2016 \u00a0\u00a0\u00a0\u00a0\u00a0 Facharztausbildung (\u00c4IW)Klinik f\u00fcr Gef\u00e4\u00df-\/ endovaskul\u00e4re Chirurgie, KKH Altenburg, Klinikum Chemnitz,<br \/>\u00a0 \u00a0 \u00a0 \u00a0 \u00a0 \u00a0 \u00a0 \u00a0 \u00a0 \u00a0 \u00a0 \u00a0 \u00a0 \u00a0 Helios Klinikum Bad Saarow, Deutschland<\/p>\n<p>1992 \u2013 2007 \u00a0\u00a0\u00a0\u00a0\u00a0 Fach\u00e4rztin f\u00fcr Innere Medizin \/ Allgemeinmedizin, Charkow, KH Komsomolskij, Ukraine<\/p>\n<p>\u00a0<\/p>\n<p><strong>Berufliche Ausbildung:<\/strong><\/p>\n<p>Fach\u00e4rztin f\u00fcr Gef\u00e4\u00dfchirurgie seit 08.2017<\/p>\n<p>Endovaskul\u00e4rer Chirurg (DGG) seit 09.2017<\/p>\n<p>Fachkunde im Strahlenschutz im Bereich der Gef\u00e4\u00dfinterventionen seit 12.2018<\/p>\n<p>Fachkunde im Strahlenschutz R\u00f6ntgendiagnostik Gef\u00e4\u00dfsystem seit 04.2017<\/p>\n<p>Fachkunde im Strahlenschutz Notfalldiagnostik bei Erwachsenen und Kindern seit 09.2015<\/p>\n<p>Approbation, Deutschland \/ Chemnitz seit 02.2014<\/p>\n<p>Gleichwertigkeitpr\u00fcfung des \u00e4rztlichen Ausbildungsstandes, L\u00c4K Th\u00fcringen am 16.09.2009<\/p>\n<p>Fach\u00e4rztin f\u00fcr Allgemeinmedizin \/ Familienmedizin, Ukraine seit 12.1998<\/p>\n<p>Fach\u00e4rztin Innere Medizin, Ukraine seit 06.1997<\/p>\n<p>Promotion an der Medizinischen Universit\u00e4t in Charkov, Ukraine am 30.06.1992<\/p>\n<p>Medizin-Studium an der Medizinischen Universit\u00e4t in Charkov, Ukraine 1886-1992<\/p>\n<p>Mitglied DGG ,\u00d6GG,SGG seit 06.2012<\/p>\n<p>\u00a0<\/p>\n<p><strong>\u00c4rztliche wichtige Fortbildungen:<\/strong><\/p>\n<p>Fortbildungszertifikat L\u00c4K T\u00fcringen 10.2009<\/p>\n<p>Fotbildungssertifikat L\u00c4K Sachsen 03.2014<\/p>\n<p>Fortbildungssertifikat L\u00c4K Brandenburg 09.2017<\/p>\n<p>2009 Grund- Aufbaukurs Doppler- und Dupplexsonografie hirn-, extremit\u00e4ten- und Bauchgef\u00e4\u00dfen,Gef\u00e4\u00dfen, Jena, Deutschland Akutschmerzkurs der DGSS, in Universit\u00e4tsklinikum L\u00fcbeck, Deu Notfallmedizin, SRH Zentralklinikum Suhl GmbH, Deu Intensivkurs Allgemeinmedizin, L\u00c4K T\u00fcrigen, Jena, Deu. Intensivkurs Innere Medizin, Helios Klinikum Erfurt, Deu EKG -Kurs mit praktischen \u00dcbungen, L\u00c4K Th\u00fcringen, Deu.<\/p>\n<p>2010 Grundkurs Strahlenschutz\/ Erwerb der Fachkunde f\u00fcr\u00c4rzte, Altenburg<\/p>\n<p>2011 Strahlenschutzkurs, Spezialkurs Interventionsradiologie, Altenburg, Deu Intensivkurs f\u00fcr Chirurgie, Leipzig, Deu Strahlenschutzkurs, Spezialkurs Computertomographie, Altenburg, Deu<\/p>\n<p>2012 19. Deutsch-Polnisches Gef\u00e4\u00dfchirurgen-Treffen, Chemnitz,Deu 28. Jahrestagung DGG, Wiesbaden,Deu<\/p>\n<p>2013 Endovaskul\u00e4rer Grund- und Aufbaukurs AAA, Wiesbaden,Deu EVC 2013, EVAR \/ TEVAR Simulation Session , Maastricht, NL Endovask. Kurs intervent. Becken\/Oberschenkelgef\u00e4\u00dfe, Bad Nauheim Dreilender Jahrestagung DGG\/\u00d6GG\/SGG in Linz, \u00d6stereich Aortensymposium, Dresden,Deu<\/p>\n<p>2014 Grundlagen der cruralen Chirurgie, Wendisch Rietz,Deu 30.Jahreskongress DGG, Hamburg, Deu Grundlagen der Dialyseshuntchirurgie und PTA, Wendisch Rietz, Deu Grundlagen der Aortenchirurgie, Wendisch Rietz, Deu<\/p>\n<p>2015 VIII. Berliner Venenworkshop, Deu Premium Superintensiv C1-Kurs Goethe Institut, M\u00fcnchen, Deu Masterclass Vascular\/ endoVascular, Hamburg, Deu Hospitation UKE Hamburg Gef\u00e4\u00df-\/endovask. Chirurgie, Prof. Debus,D<\/p>\n<p>2016 Intensivkurs Vorbereitung zum Facharztpr\u00fcfung Gef\u00e4\u00dfchirurgie, Berlin 23.Norddeutsche Gef\u00e4\u00dftage \/ Hamburg, Deu Dreil\u00e4ndertagung Gef\u00e4\u00dfchirurgie, Bern\/ Schweiz 4. Jahrestagung der IAD mit dem 9. Symposium Dialyseshuntchirurgie,<br \/>Weimar, Deutschland Hospitation Venenzentrum Dresden ( ELVeS), Deutschland<\/p>\n<p>2017 Simposium Gef\u00e4\u00dfinfektionen, , UKD-Dresden, Deutschland<\/p>\n<p>2018 35-DGG-Kongress\/Jahrestagung im Bonn, Deutschland<\/p>\n<p>2019 Charing Cross-Symposium London, England<\/p>\n<p>2020 CX Aortic Vienna (Live), \u00d6stereich<\/p>\n<p>2021 36. DGG-Kongres in Mannheim ( Live), Deutschland<\/p>\n<p>\u00a0<\/p>\n<p><strong>Sprachen:\u00a0<br \/><\/strong>Deutsch (B2), Ukrainisch, Russisch, Englisch<\/p>                    <\/div>\n                <\/div>\n                                            <\/div>\n            <div class=\"arzt-detail-infos-gallery-wrapper image-block-3-wrapper\">\n                <div class=\"image-block-3-inner\">\n                                        <img decoding=\"async\" class=\"image-block-3-img1\" src=\"https:\/\/www.privatklinik-ritzensee.at\/wp-content\/uploads\/2022\/08\/Foto-Wu\u0308stner.jpg\"\n                        alt=\"Dr. Maryna W\u00fcstner l\u00e4chelnd in wei\u00dfem Kittel, erfahrene \u00c4rztin in der Privatklinik Ritzensee.\">\n                                        <img decoding=\"async\" class=\"image-block-3-img2\" src=\"https:\/\/www.privatklinik-ritzensee.at\/wp-content\/uploads\/2022\/08\/Foto-Dr.-Wu\u0308stner.jpg\"\n                        alt=\"Dr. Maryna W\u00fcstner in wei\u00dfem Kittel, l\u00e4chelt freundlich f\u00fcr die Privatklinik Ritzensee.\">\n                                    <\/div>\n            <\/div>\n        <\/div>\n    <\/div>\n<\/div>\n\n\n<\/div>","protected":false},"excerpt":{"rendered":"","protected":false},"author":3,"featured_media":0,"comment_status":"closed","ping_status":"closed","sticky":false,"template":"","format":"standard","meta":{"_acf_changed":false,"inline_featured_image":false,"job-start":"","job-location":"","footnotes":""},"categories":[48,153],"tags":[154,155,156],"class_list":["post-2007","post","type-post","status-publish","format-standard","hentry","category-arzt-en","category-general-surgery","tag-doctor-en","tag-general-surgery-en","tag-vascular-and-visceral-surgery-en"],"acf":[],"yoast_head":"<!-- This site is optimized with the Yoast SEO plugin v27.4 - https:\/\/yoast.com\/product\/yoast-seo-wordpress\/ -->\n<title>Dr. MED. Maryna W\u00fcstner - Private Clinic Ritzensee<\/title>\n<meta name=\"robots\" content=\"index, follow, max-snippet:-1, max-image-preview:large, max-video-preview:-1\" \/>\n<link rel=\"canonical\" href=\"https:\/\/www.privatklinik-ritzensee.at\/en\/dr-maryna-wuestner\/\" \/>\n<meta property=\"og:locale\" content=\"en_US\" \/>\n<meta property=\"og:type\" content=\"article\" \/>\n<meta property=\"og:title\" content=\"Dr. MED. Maryna W\u00fcstner - Private Clinic Ritzensee\" \/>\n<meta property=\"og:url\" content=\"https:\/\/www.privatklinik-ritzensee.at\/en\/dr-maryna-wuestner\/\" \/>\n<meta property=\"og:site_name\" content=\"Private Clinic Ritzensee\" \/>\n<meta property=\"article:published_time\" content=\"2022-08-22T12:03:41+00:00\" \/>\n<meta property=\"article:modified_time\" content=\"2025-03-14T11:45:53+00:00\" \/>\n<meta name=\"author\" content=\"Nill Marketing GmbH\" \/>\n<meta name=\"twitter:card\" content=\"summary_large_image\" \/>\n<meta name=\"twitter:label1\" content=\"Written by\" \/>\n\t<meta name=\"twitter:data1\" content=\"Nill Marketing GmbH\" \/>\n<script type=\"application\/ld+json\" class=\"yoast-schema-graph\">{\"@context\":\"https:\\\/\\\/schema.org\",\"@graph\":[{\"@type\":\"Article\",\"@id\":\"https:\\\/\\\/www.privatklinik-ritzensee.at\\\/en\\\/dr-maryna-wuestner\\\/#article\",\"isPartOf\":{\"@id\":\"https:\\\/\\\/www.privatklinik-ritzensee.at\\\/en\\\/dr-maryna-wuestner\\\/\"},\"author\":{\"name\":\"Nill Marketing GmbH\",\"@id\":\"https:\\\/\\\/www.privatklinik-ritzensee.at\\\/en\\\/#\\\/schema\\\/person\\\/4b3119d78b6911b10f98068a5a2d4a4f\"},\"headline\":\"Dr. MED. Maryna W\u00fcstner\",\"datePublished\":\"2022-08-22T12:03:41+00:00\",\"dateModified\":\"2025-03-14T11:45:53+00:00\",\"mainEntityOfPage\":{\"@id\":\"https:\\\/\\\/www.privatklinik-ritzensee.at\\\/en\\\/dr-maryna-wuestner\\\/\"},\"wordCount\":5,\"keywords\":[\"Doctor\",\"General surgery\",\"Vascular and visceral surgery\"],\"articleSection\":[\"Arzt\",\"General surgery\"],\"inLanguage\":\"en-US\"},{\"@type\":\"WebPage\",\"@id\":\"https:\\\/\\\/www.privatklinik-ritzensee.at\\\/en\\\/dr-maryna-wuestner\\\/\",\"url\":\"https:\\\/\\\/www.privatklinik-ritzensee.at\\\/en\\\/dr-maryna-wuestner\\\/\",\"name\":\"Dr. MED. Maryna W\u00fcstner - Private Clinic Ritzensee\",\"isPartOf\":{\"@id\":\"https:\\\/\\\/www.privatklinik-ritzensee.at\\\/en\\\/#website\"},\"datePublished\":\"2022-08-22T12:03:41+00:00\",\"dateModified\":\"2025-03-14T11:45:53+00:00\",\"author\":{\"@id\":\"https:\\\/\\\/www.privatklinik-ritzensee.at\\\/en\\\/#\\\/schema\\\/person\\\/4b3119d78b6911b10f98068a5a2d4a4f\"},\"breadcrumb\":{\"@id\":\"https:\\\/\\\/www.privatklinik-ritzensee.at\\\/en\\\/dr-maryna-wuestner\\\/#breadcrumb\"},\"inLanguage\":\"en-US\",\"potentialAction\":[{\"@type\":\"ReadAction\",\"target\":[\"https:\\\/\\\/www.privatklinik-ritzensee.at\\\/en\\\/dr-maryna-wuestner\\\/\"]}]},{\"@type\":\"BreadcrumbList\",\"@id\":\"https:\\\/\\\/www.privatklinik-ritzensee.at\\\/en\\\/dr-maryna-wuestner\\\/#breadcrumb\",\"itemListElement\":[{\"@type\":\"ListItem\",\"position\":1,\"name\":\"Startseite\",\"item\":\"https:\\\/\\\/www.privatklinik-ritzensee.at\\\/en\\\/\"},{\"@type\":\"ListItem\",\"position\":2,\"name\":\"DR MARYNA W\u00dcSTNER\"}]},{\"@type\":\"WebSite\",\"@id\":\"https:\\\/\\\/www.privatklinik-ritzensee.at\\\/en\\\/#website\",\"url\":\"https:\\\/\\\/www.privatklinik-ritzensee.at\\\/en\\\/\",\"name\":\"Private Clinic Ritzensee\",\"description\":\"Top Medical Care in Salzburg Region \u2695\ufe0f\",\"potentialAction\":[{\"@type\":\"SearchAction\",\"target\":{\"@type\":\"EntryPoint\",\"urlTemplate\":\"https:\\\/\\\/www.privatklinik-ritzensee.at\\\/en\\\/?s={search_term_string}\"},\"query-input\":{\"@type\":\"PropertyValueSpecification\",\"valueRequired\":true,\"valueName\":\"search_term_string\"}}],\"inLanguage\":\"en-US\"},{\"@type\":\"Person\",\"@id\":\"https:\\\/\\\/www.privatklinik-ritzensee.at\\\/en\\\/#\\\/schema\\\/person\\\/4b3119d78b6911b10f98068a5a2d4a4f\",\"name\":\"Nill Marketing GmbH\",\"image\":{\"@type\":\"ImageObject\",\"inLanguage\":\"en-US\",\"@id\":\"https:\\\/\\\/secure.gravatar.com\\\/avatar\\\/79ad89a786a3f871c6bc61418793f26c0064226b516fbf229329f290acca0092?s=96&d=mm&r=g\",\"url\":\"https:\\\/\\\/secure.gravatar.com\\\/avatar\\\/79ad89a786a3f871c6bc61418793f26c0064226b516fbf229329f290acca0092?s=96&d=mm&r=g\",\"contentUrl\":\"https:\\\/\\\/secure.gravatar.com\\\/avatar\\\/79ad89a786a3f871c6bc61418793f26c0064226b516fbf229329f290acca0092?s=96&d=mm&r=g\",\"caption\":\"Nill Marketing GmbH\"},\"sameAs\":[\"https:\\\/\\\/www.nill.at\"],\"url\":\"https:\\\/\\\/www.privatklinik-ritzensee.at\\\/en\\\/author\\\/nill\\\/\"}]}<\/script>\n<!-- \/ Yoast SEO plugin. -->","yoast_head_json":{"title":"Dr. MED. Maryna W\u00fcstner - Private Clinic Ritzensee","robots":{"index":"index","follow":"follow","max-snippet":"max-snippet:-1","max-image-preview":"max-image-preview:large","max-video-preview":"max-video-preview:-1"},"canonical":"https:\/\/www.privatklinik-ritzensee.at\/en\/dr-maryna-wuestner\/","og_locale":"en_US","og_type":"article","og_title":"Dr. MED. Maryna W\u00fcstner - Private Clinic Ritzensee","og_url":"https:\/\/www.privatklinik-ritzensee.at\/en\/dr-maryna-wuestner\/","og_site_name":"Private Clinic Ritzensee","article_published_time":"2022-08-22T12:03:41+00:00","article_modified_time":"2025-03-14T11:45:53+00:00","author":"Nill Marketing GmbH","twitter_card":"summary_large_image","twitter_misc":{"Written by":"Nill Marketing GmbH"},"schema":{"@context":"https:\/\/schema.org","@graph":[{"@type":"Article","@id":"https:\/\/www.privatklinik-ritzensee.at\/en\/dr-maryna-wuestner\/#article","isPartOf":{"@id":"https:\/\/www.privatklinik-ritzensee.at\/en\/dr-maryna-wuestner\/"},"author":{"name":"Nill Marketing GmbH","@id":"https:\/\/www.privatklinik-ritzensee.at\/en\/#\/schema\/person\/4b3119d78b6911b10f98068a5a2d4a4f"},"headline":"Dr. MED. Maryna W\u00fcstner","datePublished":"2022-08-22T12:03:41+00:00","dateModified":"2025-03-14T11:45:53+00:00","mainEntityOfPage":{"@id":"https:\/\/www.privatklinik-ritzensee.at\/en\/dr-maryna-wuestner\/"},"wordCount":5,"keywords":["Doctor","General surgery","Vascular and visceral surgery"],"articleSection":["Arzt","General surgery"],"inLanguage":"en-US"},{"@type":"WebPage","@id":"https:\/\/www.privatklinik-ritzensee.at\/en\/dr-maryna-wuestner\/","url":"https:\/\/www.privatklinik-ritzensee.at\/en\/dr-maryna-wuestner\/","name":"Dr. MED. Maryna W\u00fcstner - Private Clinic Ritzensee","isPartOf":{"@id":"https:\/\/www.privatklinik-ritzensee.at\/en\/#website"},"datePublished":"2022-08-22T12:03:41+00:00","dateModified":"2025-03-14T11:45:53+00:00","author":{"@id":"https:\/\/www.privatklinik-ritzensee.at\/en\/#\/schema\/person\/4b3119d78b6911b10f98068a5a2d4a4f"},"breadcrumb":{"@id":"https:\/\/www.privatklinik-ritzensee.at\/en\/dr-maryna-wuestner\/#breadcrumb"},"inLanguage":"en-US","potentialAction":[{"@type":"ReadAction","target":["https:\/\/www.privatklinik-ritzensee.at\/en\/dr-maryna-wuestner\/"]}]},{"@type":"BreadcrumbList","@id":"https:\/\/www.privatklinik-ritzensee.at\/en\/dr-maryna-wuestner\/#breadcrumb","itemListElement":[{"@type":"ListItem","position":1,"name":"Startseite","item":"https:\/\/www.privatklinik-ritzensee.at\/en\/"},{"@type":"ListItem","position":2,"name":"DR MARYNA W\u00dcSTNER"}]},{"@type":"WebSite","@id":"https:\/\/www.privatklinik-ritzensee.at\/en\/#website","url":"https:\/\/www.privatklinik-ritzensee.at\/en\/","name":"Private Clinic Ritzensee","description":"Top Medical Care in Salzburg Region \u2695\ufe0f","potentialAction":[{"@type":"SearchAction","target":{"@type":"EntryPoint","urlTemplate":"https:\/\/www.privatklinik-ritzensee.at\/en\/?s={search_term_string}"},"query-input":{"@type":"PropertyValueSpecification","valueRequired":true,"valueName":"search_term_string"}}],"inLanguage":"en-US"},{"@type":"Person","@id":"https:\/\/www.privatklinik-ritzensee.at\/en\/#\/schema\/person\/4b3119d78b6911b10f98068a5a2d4a4f","name":"Nill Marketing GmbH","image":{"@type":"ImageObject","inLanguage":"en-US","@id":"https:\/\/secure.gravatar.com\/avatar\/79ad89a786a3f871c6bc61418793f26c0064226b516fbf229329f290acca0092?s=96&d=mm&r=g","url":"https:\/\/secure.gravatar.com\/avatar\/79ad89a786a3f871c6bc61418793f26c0064226b516fbf229329f290acca0092?s=96&d=mm&r=g","contentUrl":"https:\/\/secure.gravatar.com\/avatar\/79ad89a786a3f871c6bc61418793f26c0064226b516fbf229329f290acca0092?s=96&d=mm&r=g","caption":"Nill Marketing GmbH"},"sameAs":["https:\/\/www.nill.at"],"url":"https:\/\/www.privatklinik-ritzensee.at\/en\/author\/nill\/"}]}},"_links":{"self":[{"href":"https:\/\/www.privatklinik-ritzensee.at\/en\/wp-json\/wp\/v2\/posts\/2007","targetHints":{"allow":["GET"]}}],"collection":[{"href":"https:\/\/www.privatklinik-ritzensee.at\/en\/wp-json\/wp\/v2\/posts"}],"about":[{"href":"https:\/\/www.privatklinik-ritzensee.at\/en\/wp-json\/wp\/v2\/types\/post"}],"author":[{"embeddable":true,"href":"https:\/\/www.privatklinik-ritzensee.at\/en\/wp-json\/wp\/v2\/users\/3"}],"replies":[{"embeddable":true,"href":"https:\/\/www.privatklinik-ritzensee.at\/en\/wp-json\/wp\/v2\/comments?post=2007"}],"version-history":[{"count":0,"href":"https:\/\/www.privatklinik-ritzensee.at\/en\/wp-json\/wp\/v2\/posts\/2007\/revisions"}],"wp:attachment":[{"href":"https:\/\/www.privatklinik-ritzensee.at\/en\/wp-json\/wp\/v2\/media?parent=2007"}],"wp:term":[{"taxonomy":"category","embeddable":true,"href":"https:\/\/www.privatklinik-ritzensee.at\/en\/wp-json\/wp\/v2\/categories?post=2007"},{"taxonomy":"post_tag","embeddable":true,"href":"https:\/\/www.privatklinik-ritzensee.at\/en\/wp-json\/wp\/v2\/tags?post=2007"}],"curies":[{"name":"wp","href":"https:\/\/api.w.org\/{rel}","templated":true}]}}