{"id":1757,"date":"2022-04-05T12:03:09","date_gmt":"2022-04-05T10:03:09","guid":{"rendered":"https:\/\/www.privatklinik-ritzensee.at\/dr-martin-emesz\/"},"modified":"2025-03-14T12:47:06","modified_gmt":"2025-03-14T11:47:06","slug":"dr-martin-emesz","status":"publish","type":"post","link":"https:\/\/www.privatklinik-ritzensee.at\/en\/dr-martin-emesz\/","title":{"rendered":"Dr. med. Martin Emesz"},"content":{"rendered":"<div class=\"lazyblock-arzt-Z20JOOB wp-block-lazyblock-arzt\">\n<div class=\"arzt-detail-wrapper\">\n    <div class=\"arzt-detail-img-description-wrapper\">\n                <img decoding=\"async\" class=\"arzt-detail-img\" src=\"https:\/\/www.privatklinik-ritzensee.at\/wp-content\/uploads\/2022\/04\/Emsez-Martin.jpg.webp\"\n            alt=\"L\u00e4chelnder Arzt in der Privatklinik Ritzensee, Salzburger Land, moderne Umgebung.\">\n                <div class=\"arzt-detail-description\"><div class=\"arzt-detail-description-inner\"><p>Seiner beruflichen Laufbahn als Arzt, f\u00fchrte ihn von Salzburg \u00fcber M\u00fcnchen und London in den Pinzgau &#8211; als Vorstand der Abteilung f\u00fcr Augenheilkunde und Optometrie.<\/p><\/div><\/div>\n    <\/div>\n    <div class=\"arzt-detail-content-wrapper container\">\n        <div class=\"arzt-detail-content-left\">\n            <div class=\"arzt-detail-contact-wrapper\">\n                <h3 class=\"arzt-detail-contact-title\">\n                    Contact<\/h3>\n                <div class=\"arzt-detail-contact-content\"><p>Dr. med. Martin Emesz<br \/>L\u00f6wensternstra\u00dfe 18<br \/>5400 Hallein<br \/>\u00d6sterreich<\/p>\n<p>T: <strong><a href=\"tel:+43624580362\">+43 6245 80 362<\/a><\/strong><br \/>M: <strong><a href=\"mailto:martin.emesz@aon.at\">martin.emesz@aon.at<\/a><\/strong><br \/>H: <strong><a href=\"https:\/\/www.augen-emesz.at\/\" target=\"_blank\" rel=\"noopener\">www.augen-emesz.at<\/a><\/strong><\/p><\/div>\n            <\/div>\n            <div class=\"arzt-detail-surgery-hours-wrapper\">\n                <h3 class=\"arzt-detail-surgery-hours-title\">Surgery\n                    hours<\/h3>\n                <div class=\"arzt-detail-surgery-hours-content\">\n                    <table class=\"arzt-detail-surgery-hours-table\">\n                                                <tr class=\"arzt-detail-surgery-hours-entry\">\n                            <td class=\"arzt-detail-surgery-hours-weekday\">Nach Terminvereinbarung:<\/td>\n                            <td class=\"arzt-detail-surgery-hours-hours\"><\/td>\n                        <\/tr>\n                                                <tr class=\"arzt-detail-surgery-hours-entry\">\n                            <td class=\"arzt-detail-surgery-hours-weekday\">Mo<\/td>\n                            <td class=\"arzt-detail-surgery-hours-hours\">08:00 &#8211; 12:00 Uhr<\/td>\n                        <\/tr>\n                                                <tr class=\"arzt-detail-surgery-hours-entry\">\n                            <td class=\"arzt-detail-surgery-hours-weekday\">&nbsp;<\/td>\n                            <td class=\"arzt-detail-surgery-hours-hours\"><\/td>\n                        <\/tr>\n                                                <tr class=\"arzt-detail-surgery-hours-entry\">\n                            <td class=\"arzt-detail-surgery-hours-weekday\">Erreichbarkeit Ordination:<\/td>\n                            <td class=\"arzt-detail-surgery-hours-hours\"><\/td>\n                        <\/tr>\n                                                <tr class=\"arzt-detail-surgery-hours-entry\">\n                            <td class=\"arzt-detail-surgery-hours-weekday\"><\/td>\n                            <td class=\"arzt-detail-surgery-hours-hours\"><\/td>\n                        <\/tr>\n                                                <tr class=\"arzt-detail-surgery-hours-entry\">\n                            <td class=\"arzt-detail-surgery-hours-weekday\">Mo<\/td>\n                            <td class=\"arzt-detail-surgery-hours-hours\">08:00 &#8211; 13:00 &amp; 14:00 &#8211; 18:00 Uhr<\/td>\n                        <\/tr>\n                                                <tr class=\"arzt-detail-surgery-hours-entry\">\n                            <td class=\"arzt-detail-surgery-hours-weekday\">Di<\/td>\n                            <td class=\"arzt-detail-surgery-hours-hours\">08:00 &#8211; 13:00 &amp; 14:00 &#8211; 17:00 Uhr<\/td>\n                        <\/tr>\n                                                <tr class=\"arzt-detail-surgery-hours-entry\">\n                            <td class=\"arzt-detail-surgery-hours-weekday\">Mi<\/td>\n                            <td class=\"arzt-detail-surgery-hours-hours\">08:00 &#8211; 13:00 &amp; 14:00 &#8211; 17:00 Uhr<\/td>\n                        <\/tr>\n                                            <\/table>\n                <\/div>\n            <\/div>\n            <a href=\"https:\/\/www.privatklinik-ritzensee.at\/kontakt\/?arzt=dr-martin-emesz\" class=\"arzt-detail-inquiry\">\n                <div class=\"arzt-detail-inquiry-text\">\n                    Inquire<\/div>\n                <svg xmlns=\"http:\/\/www.w3.org\/2000\/svg\" width=\"78.283\" height=\"22.824\" viewBox=\"0 0 78.283 22.824\">\n                    <path id=\"Pfad_226\" data-name=\"Pfad 226\" d=\"M0,0H78\" transform=\"translate(0 11.412)\" fill=\"none\"\n                        stroke=\"#565f5f\" stroke-linecap=\"round\" stroke-width=\"1\"><\/path>\n                    <path id=\"Pfad_227\" data-name=\"Pfad 227\" d=\"M16,0,0,11\" transform=\"translate(62 11.412)\" fill=\"none\"\n                        stroke=\"#565f5f\" stroke-linecap=\"round\" stroke-width=\"1\"><\/path>\n                    <path id=\"Pfad_228\" data-name=\"Pfad 228\" d=\"M16,11,0,0\" transform=\"translate(62 0.412)\" fill=\"none\"\n                        stroke=\"#565f5f\" stroke-linecap=\"round\" stroke-width=\"1\"><\/path>\n                <\/svg>\n            <\/a>\n        <\/div>\n        <div class=\"arzt-detail-content-right\">\n            <h1 class=\"arzt-detail-doctor-title\">Dr. med. Martin Emesz<\/h1>\n            <h2 class=\"arzt-detail-doctor-subtitle\">Facharzt f\u00fcr Augenheilkunde und Optometrie<\/h2>\n            <div class=\"arzt-detail-infos-wrapper\">\n                <div class=\"arzt-detail-infos-item arzt-detail-infos-treatments accordion-wrapper\">\n                    <h3 class=\"arzt-detail-infos-title accordion-title\">\n                        Treatments<\/h3>\n                    <div class=\"arzt-detail-infos-content accordion-content\"><h3>Wesentliche Expertisen \/ durchf\u00fchrende Operationen \/ Behandlungen:<\/h3>\n<p><strong>Therapie bei Erkrankungen der Lider, Orbita (Augenh\u00f6hle) und Tr\u00e4nenwege<\/strong><\/p>\n<ul>\n<li>Lidchirurgie: <br \/>\n<ul>\n<li>Ptosis &#8211; Operationen: \u201eLevatorchirurgie\u201c oder \u201eBrauensuspension\u201c bei angeborenen und altersbedingten Ver\u00e4nderungen des Lidhebermuskels<\/li>\n<li>Tumorchirurgie: Entfernung gutartiger und b\u00f6sartiger Ver\u00e4nderungen der Lider und Orbita<\/li>\n<li>Rekonstruktive Lid- und Orbitachirurgie, zur funktionellen und kosmetischen Wiederherstellung von Liddefekten nach Tumorchirurgie oder nach Verletzungen<\/li>\n<li>Rekonstruktive Chirurgie der Schleimhautoberfl\u00e4che des Auges<\/li>\n<li>Korrektur erwobener Lidfehlstellungen (Entropium, Ektropium)<\/li>\n<li>Wiederherstellende Chirurgie nach Fazialisparese (Gesichtsnervenl\u00e4hmung)<br \/><br \/><\/li>\n<\/ul>\n<\/li>\n<li>\u00c4sthetische Lidchirurgie<br \/>\n<ul>\n<li>Ober- und Unterlidblepharoplastik<\/li>\n<li>Brauenhebung<br \/><br \/><\/li>\n<\/ul>\n<\/li>\n<li>P\u00e4diatrisch &#8211; ophthalmologische Eingriffe bei Kindern (Ptosis &#8211; Operationen, Dermoidentfernung, Therapie von H\u00e4mangiomen)<br \/><br \/><\/li>\n<li>Anwendung von Botulinumtoxin bei Blepharospasmus<br \/><br \/><\/li>\n<li>Tr\u00e4nenwegschirurgische Eingriffe:<br \/>\n<ul>\n<li>Therapie von konnatalen Tr\u00e4nenwegsverschl\u00fcssen<\/li>\n<li>Wiederherstellende Tr\u00e4nenwegschirurgie bei mechanischen und funktionellen Stenosen der Tr\u00e4nenwege (Dakryocystorhinostomie, Intubation der Tr\u00e4nenwege)<\/li>\n<li>Korrektur fehlstehender oder zu enger Tr\u00e4nenp\u00fcnktchen<\/li>\n<\/ul>\n<\/li>\n<\/ul>                    <\/div>\n                <\/div>\n                                            <\/div>\n            <div class=\"arzt-detail-infos-gallery-wrapper image-block-3-wrapper\">\n                <div class=\"image-block-3-inner\">\n                                        <img decoding=\"async\" class=\"image-block-3-img1\" src=\"https:\/\/www.privatklinik-ritzensee.at\/wp-content\/uploads\/2022\/01\/Dr-Martin-Emesz-2.jpg\"\n                        alt=\"\">\n                                    <\/div>\n            <\/div>\n        <\/div>\n    <\/div>\n<\/div>\n\n\n<\/div>","protected":false},"excerpt":{"rendered":"","protected":false},"author":3,"featured_media":0,"comment_status":"closed","ping_status":"closed","sticky":false,"template":"","format":"standard","meta":{"_acf_changed":false,"inline_featured_image":false,"job-start":"","job-location":"","footnotes":""},"categories":[48,164],"tags":[154,165],"class_list":["post-1757","post","type-post","status-publish","format-standard","hentry","category-arzt-en","category-ophthalmology","tag-doctor-en","tag-ophthalmology-en"],"acf":[],"yoast_head":"<!-- This site is optimized with the Yoast SEO plugin v27.4 - https:\/\/yoast.com\/product\/yoast-seo-wordpress\/ -->\n<title>Dr. med. Martin Emesz - Private Clinic Ritzensee<\/title>\n<meta name=\"robots\" content=\"index, follow, max-snippet:-1, max-image-preview:large, max-video-preview:-1\" \/>\n<link rel=\"canonical\" href=\"https:\/\/www.privatklinik-ritzensee.at\/en\/dr-martin-emesz\/\" \/>\n<meta property=\"og:locale\" content=\"en_US\" \/>\n<meta property=\"og:type\" content=\"article\" \/>\n<meta property=\"og:title\" content=\"Dr. med. Martin Emesz - Private Clinic Ritzensee\" \/>\n<meta property=\"og:url\" content=\"https:\/\/www.privatklinik-ritzensee.at\/en\/dr-martin-emesz\/\" \/>\n<meta property=\"og:site_name\" content=\"Private Clinic Ritzensee\" \/>\n<meta property=\"article:published_time\" content=\"2022-04-05T10:03:09+00:00\" \/>\n<meta property=\"article:modified_time\" content=\"2025-03-14T11:47:06+00:00\" \/>\n<meta name=\"author\" content=\"Nill Marketing GmbH\" \/>\n<meta name=\"twitter:card\" content=\"summary_large_image\" \/>\n<meta name=\"twitter:label1\" content=\"Written by\" \/>\n\t<meta name=\"twitter:data1\" content=\"Nill Marketing GmbH\" \/>\n<script type=\"application\/ld+json\" class=\"yoast-schema-graph\">{\"@context\":\"https:\\\/\\\/schema.org\",\"@graph\":[{\"@type\":\"Article\",\"@id\":\"https:\\\/\\\/www.privatklinik-ritzensee.at\\\/en\\\/dr-martin-emesz\\\/#article\",\"isPartOf\":{\"@id\":\"https:\\\/\\\/www.privatklinik-ritzensee.at\\\/en\\\/dr-martin-emesz\\\/\"},\"author\":{\"name\":\"Nill Marketing GmbH\",\"@id\":\"https:\\\/\\\/www.privatklinik-ritzensee.at\\\/en\\\/#\\\/schema\\\/person\\\/4b3119d78b6911b10f98068a5a2d4a4f\"},\"headline\":\"Dr. med. Martin Emesz\",\"datePublished\":\"2022-04-05T10:03:09+00:00\",\"dateModified\":\"2025-03-14T11:47:06+00:00\",\"mainEntityOfPage\":{\"@id\":\"https:\\\/\\\/www.privatklinik-ritzensee.at\\\/en\\\/dr-martin-emesz\\\/\"},\"wordCount\":4,\"keywords\":[\"Doctor\",\"Ophthalmology\"],\"articleSection\":[\"Arzt\",\"Ophthalmology\"],\"inLanguage\":\"en-US\"},{\"@type\":\"WebPage\",\"@id\":\"https:\\\/\\\/www.privatklinik-ritzensee.at\\\/en\\\/dr-martin-emesz\\\/\",\"url\":\"https:\\\/\\\/www.privatklinik-ritzensee.at\\\/en\\\/dr-martin-emesz\\\/\",\"name\":\"Dr. med. Martin Emesz - Private Clinic Ritzensee\",\"isPartOf\":{\"@id\":\"https:\\\/\\\/www.privatklinik-ritzensee.at\\\/en\\\/#website\"},\"datePublished\":\"2022-04-05T10:03:09+00:00\",\"dateModified\":\"2025-03-14T11:47:06+00:00\",\"author\":{\"@id\":\"https:\\\/\\\/www.privatklinik-ritzensee.at\\\/en\\\/#\\\/schema\\\/person\\\/4b3119d78b6911b10f98068a5a2d4a4f\"},\"breadcrumb\":{\"@id\":\"https:\\\/\\\/www.privatklinik-ritzensee.at\\\/en\\\/dr-martin-emesz\\\/#breadcrumb\"},\"inLanguage\":\"en-US\",\"potentialAction\":[{\"@type\":\"ReadAction\",\"target\":[\"https:\\\/\\\/www.privatklinik-ritzensee.at\\\/en\\\/dr-martin-emesz\\\/\"]}]},{\"@type\":\"BreadcrumbList\",\"@id\":\"https:\\\/\\\/www.privatklinik-ritzensee.at\\\/en\\\/dr-martin-emesz\\\/#breadcrumb\",\"itemListElement\":[{\"@type\":\"ListItem\",\"position\":1,\"name\":\"Startseite\",\"item\":\"https:\\\/\\\/www.privatklinik-ritzensee.at\\\/en\\\/\"},{\"@type\":\"ListItem\",\"position\":2,\"name\":\"DR MARTIN EMESZ\"}]},{\"@type\":\"WebSite\",\"@id\":\"https:\\\/\\\/www.privatklinik-ritzensee.at\\\/en\\\/#website\",\"url\":\"https:\\\/\\\/www.privatklinik-ritzensee.at\\\/en\\\/\",\"name\":\"Private Clinic Ritzensee\",\"description\":\"Top Medical Care in Salzburg Region \u2695\ufe0f\",\"potentialAction\":[{\"@type\":\"SearchAction\",\"target\":{\"@type\":\"EntryPoint\",\"urlTemplate\":\"https:\\\/\\\/www.privatklinik-ritzensee.at\\\/en\\\/?s={search_term_string}\"},\"query-input\":{\"@type\":\"PropertyValueSpecification\",\"valueRequired\":true,\"valueName\":\"search_term_string\"}}],\"inLanguage\":\"en-US\"},{\"@type\":\"Person\",\"@id\":\"https:\\\/\\\/www.privatklinik-ritzensee.at\\\/en\\\/#\\\/schema\\\/person\\\/4b3119d78b6911b10f98068a5a2d4a4f\",\"name\":\"Nill Marketing GmbH\",\"image\":{\"@type\":\"ImageObject\",\"inLanguage\":\"en-US\",\"@id\":\"https:\\\/\\\/secure.gravatar.com\\\/avatar\\\/79ad89a786a3f871c6bc61418793f26c0064226b516fbf229329f290acca0092?s=96&d=mm&r=g\",\"url\":\"https:\\\/\\\/secure.gravatar.com\\\/avatar\\\/79ad89a786a3f871c6bc61418793f26c0064226b516fbf229329f290acca0092?s=96&d=mm&r=g\",\"contentUrl\":\"https:\\\/\\\/secure.gravatar.com\\\/avatar\\\/79ad89a786a3f871c6bc61418793f26c0064226b516fbf229329f290acca0092?s=96&d=mm&r=g\",\"caption\":\"Nill Marketing GmbH\"},\"sameAs\":[\"https:\\\/\\\/www.nill.at\"],\"url\":\"https:\\\/\\\/www.privatklinik-ritzensee.at\\\/en\\\/author\\\/nill\\\/\"}]}<\/script>\n<!-- \/ Yoast SEO plugin. -->","yoast_head_json":{"title":"Dr. med. Martin Emesz - Private Clinic Ritzensee","robots":{"index":"index","follow":"follow","max-snippet":"max-snippet:-1","max-image-preview":"max-image-preview:large","max-video-preview":"max-video-preview:-1"},"canonical":"https:\/\/www.privatklinik-ritzensee.at\/en\/dr-martin-emesz\/","og_locale":"en_US","og_type":"article","og_title":"Dr. med. Martin Emesz - Private Clinic Ritzensee","og_url":"https:\/\/www.privatklinik-ritzensee.at\/en\/dr-martin-emesz\/","og_site_name":"Private Clinic Ritzensee","article_published_time":"2022-04-05T10:03:09+00:00","article_modified_time":"2025-03-14T11:47:06+00:00","author":"Nill Marketing GmbH","twitter_card":"summary_large_image","twitter_misc":{"Written by":"Nill Marketing GmbH"},"schema":{"@context":"https:\/\/schema.org","@graph":[{"@type":"Article","@id":"https:\/\/www.privatklinik-ritzensee.at\/en\/dr-martin-emesz\/#article","isPartOf":{"@id":"https:\/\/www.privatklinik-ritzensee.at\/en\/dr-martin-emesz\/"},"author":{"name":"Nill Marketing GmbH","@id":"https:\/\/www.privatklinik-ritzensee.at\/en\/#\/schema\/person\/4b3119d78b6911b10f98068a5a2d4a4f"},"headline":"Dr. med. Martin Emesz","datePublished":"2022-04-05T10:03:09+00:00","dateModified":"2025-03-14T11:47:06+00:00","mainEntityOfPage":{"@id":"https:\/\/www.privatklinik-ritzensee.at\/en\/dr-martin-emesz\/"},"wordCount":4,"keywords":["Doctor","Ophthalmology"],"articleSection":["Arzt","Ophthalmology"],"inLanguage":"en-US"},{"@type":"WebPage","@id":"https:\/\/www.privatklinik-ritzensee.at\/en\/dr-martin-emesz\/","url":"https:\/\/www.privatklinik-ritzensee.at\/en\/dr-martin-emesz\/","name":"Dr. med. Martin Emesz - Private Clinic Ritzensee","isPartOf":{"@id":"https:\/\/www.privatklinik-ritzensee.at\/en\/#website"},"datePublished":"2022-04-05T10:03:09+00:00","dateModified":"2025-03-14T11:47:06+00:00","author":{"@id":"https:\/\/www.privatklinik-ritzensee.at\/en\/#\/schema\/person\/4b3119d78b6911b10f98068a5a2d4a4f"},"breadcrumb":{"@id":"https:\/\/www.privatklinik-ritzensee.at\/en\/dr-martin-emesz\/#breadcrumb"},"inLanguage":"en-US","potentialAction":[{"@type":"ReadAction","target":["https:\/\/www.privatklinik-ritzensee.at\/en\/dr-martin-emesz\/"]}]},{"@type":"BreadcrumbList","@id":"https:\/\/www.privatklinik-ritzensee.at\/en\/dr-martin-emesz\/#breadcrumb","itemListElement":[{"@type":"ListItem","position":1,"name":"Startseite","item":"https:\/\/www.privatklinik-ritzensee.at\/en\/"},{"@type":"ListItem","position":2,"name":"DR MARTIN EMESZ"}]},{"@type":"WebSite","@id":"https:\/\/www.privatklinik-ritzensee.at\/en\/#website","url":"https:\/\/www.privatklinik-ritzensee.at\/en\/","name":"Private Clinic Ritzensee","description":"Top Medical Care in Salzburg Region \u2695\ufe0f","potentialAction":[{"@type":"SearchAction","target":{"@type":"EntryPoint","urlTemplate":"https:\/\/www.privatklinik-ritzensee.at\/en\/?s={search_term_string}"},"query-input":{"@type":"PropertyValueSpecification","valueRequired":true,"valueName":"search_term_string"}}],"inLanguage":"en-US"},{"@type":"Person","@id":"https:\/\/www.privatklinik-ritzensee.at\/en\/#\/schema\/person\/4b3119d78b6911b10f98068a5a2d4a4f","name":"Nill Marketing GmbH","image":{"@type":"ImageObject","inLanguage":"en-US","@id":"https:\/\/secure.gravatar.com\/avatar\/79ad89a786a3f871c6bc61418793f26c0064226b516fbf229329f290acca0092?s=96&d=mm&r=g","url":"https:\/\/secure.gravatar.com\/avatar\/79ad89a786a3f871c6bc61418793f26c0064226b516fbf229329f290acca0092?s=96&d=mm&r=g","contentUrl":"https:\/\/secure.gravatar.com\/avatar\/79ad89a786a3f871c6bc61418793f26c0064226b516fbf229329f290acca0092?s=96&d=mm&r=g","caption":"Nill Marketing GmbH"},"sameAs":["https:\/\/www.nill.at"],"url":"https:\/\/www.privatklinik-ritzensee.at\/en\/author\/nill\/"}]}},"_links":{"self":[{"href":"https:\/\/www.privatklinik-ritzensee.at\/en\/wp-json\/wp\/v2\/posts\/1757","targetHints":{"allow":["GET"]}}],"collection":[{"href":"https:\/\/www.privatklinik-ritzensee.at\/en\/wp-json\/wp\/v2\/posts"}],"about":[{"href":"https:\/\/www.privatklinik-ritzensee.at\/en\/wp-json\/wp\/v2\/types\/post"}],"author":[{"embeddable":true,"href":"https:\/\/www.privatklinik-ritzensee.at\/en\/wp-json\/wp\/v2\/users\/3"}],"replies":[{"embeddable":true,"href":"https:\/\/www.privatklinik-ritzensee.at\/en\/wp-json\/wp\/v2\/comments?post=1757"}],"version-history":[{"count":0,"href":"https:\/\/www.privatklinik-ritzensee.at\/en\/wp-json\/wp\/v2\/posts\/1757\/revisions"}],"wp:attachment":[{"href":"https:\/\/www.privatklinik-ritzensee.at\/en\/wp-json\/wp\/v2\/media?parent=1757"}],"wp:term":[{"taxonomy":"category","embeddable":true,"href":"https:\/\/www.privatklinik-ritzensee.at\/en\/wp-json\/wp\/v2\/categories?post=1757"},{"taxonomy":"post_tag","embeddable":true,"href":"https:\/\/www.privatklinik-ritzensee.at\/en\/wp-json\/wp\/v2\/tags?post=1757"}],"curies":[{"name":"wp","href":"https:\/\/api.w.org\/{rel}","templated":true}]}}